{"id":214123,"date":"2021-07-20T10:45:02","date_gmt":"2021-07-20T09:45:02","guid":{"rendered":"https:\/\/paroisse-catho-hausbergen.fr\/?p=214123"},"modified":"2024-03-01T13:01:22","modified_gmt":"2024-03-01T12:01:22","slug":"informations-diocese","status":"publish","type":"post","link":"https:\/\/paroisse-catho-hausbergen.fr\/home\/informations-diocese\/","title":{"rendered":"&#8211; Informations Dioc\u00e8se &#8211;"},"content":{"rendered":"<p>[et_pb_section fb_built=\u00a0\u00bb1&Prime; _builder_version=\u00a0\u00bb4.23.1&Prime; background_color=\u00a0\u00bbRGBA(255,255,255,0)\u00a0\u00bb width=\u00a0\u00bb100%\u00a0\u00bb custom_margin=\u00a0\u00bb0px||||false|false\u00a0\u00bb custom_margin_last_edited=\u00a0\u00bboff|desktop\u00a0\u00bb custom_padding=\u00a0\u00bb0px||||false|false\u00a0\u00bb global_colors_info=\u00a0\u00bb{}\u00a0\u00bb][et_pb_row column_structure=\u00a0\u00bb1_4,3_4&Prime; _builder_version=\u00a0\u00bb4.23.1&Prime; background_color=\u00a0\u00bbRGBA(255,255,255,0)\u00a0\u00bb background_size=\u00a0\u00bbinitial\u00a0\u00bb background_position=\u00a0\u00bbtop_left\u00a0\u00bb background_repeat=\u00a0\u00bbrepeat\u00a0\u00bb min_height=\u00a0\u00bb295px\u00a0\u00bb custom_margin=\u00a0\u00bb|auto|-66px|auto|false|false\u00a0\u00bb custom_padding=\u00a0\u00bb||0px|||\u00a0\u00bb global_colors_info=\u00a0\u00bb{}\u00a0\u00bb][et_pb_column type=\u00a0\u00bb1_4&Prime; _builder_version=\u00a0\u00bb4.16&Prime; custom_padding=\u00a0\u00bb|||\u00a0\u00bb global_colors_info=\u00a0\u00bb{}\u00a0\u00bb custom_padding__hover=\u00a0\u00bb|||\u00a0\u00bb][et_pb_image src=\u00a0\u00bbhttps:\/\/paroisse-catho-hausbergen.fr\/wp-content\/uploads\/2021\/07\/logo_col.png\u00a0\u00bb title_text=\u00a0\u00bblogo_col\u00a0\u00bb url=\u00a0\u00bbhttps:\/\/alsace.catholique.fr\u00a0\u00bb _builder_version=\u00a0\u00bb4.16&Prime; _module_preset=\u00a0\u00bbdefault\u00a0\u00bb global_colors_info=\u00a0\u00bb{}\u00a0\u00bb][\/et_pb_image][\/et_pb_column][et_pb_column type=\u00a0\u00bb3_4&Prime; _builder_version=\u00a0\u00bb4.16&Prime; custom_padding=\u00a0\u00bb|||\u00a0\u00bb global_colors_info=\u00a0\u00bb{}\u00a0\u00bb custom_padding__hover=\u00a0\u00bb|||\u00a0\u00bb][et_pb_blog posts_number=\u00a0\u00bb2&Prime; include_categories=\u00a0\u00bb15&Prime; show_content=\u00a0\u00bbon\u00a0\u00bb show_author=\u00a0\u00bboff\u00a0\u00bb show_date=\u00a0\u00bboff\u00a0\u00bb show_categories=\u00a0\u00bboff\u00a0\u00bb _builder_version=\u00a0\u00bb4.24.2&Prime; _module_preset=\u00a0\u00bbdefault\u00a0\u00bb background_enable_color=\u00a0\u00bboff\u00a0\u00bb hover_enabled=\u00a0\u00bb0&Prime; global_colors_info=\u00a0\u00bb{}\u00a0\u00bb sticky_enabled=\u00a0\u00bb0&Prime;][\/et_pb_blog][\/et_pb_column][\/et_pb_row][\/et_pb_section]<\/p>\n<span class=\"et_bloom_bottom_trigger\"><\/span>","protected":false},"excerpt":{"rendered":"","protected":false},"author":3,"featured_media":0,"comment_status":"closed","ping_status":"open","sticky":false,"template":"","format":"standard","meta":{"_acf_changed":false,"_et_pb_use_builder":"on","_et_pb_old_content":"<ul><li>Communication Arch\u00each\u00e9, circulaire n\u00b013<ul><li>Depuis la fin du mois de juin 2021, les mesures sanitaires ont \u00e9volu\u00e9 : lev\u00e9e de l\u2019obligation du port du masque en ext\u00e9rieur, disparition du couvre-feu<\/li><li>Mais la s\u00e9curit\u00e9 sanitaire exige de pr\u00e9ciser ce qui demeure.<\/li><li><a href=\"https:\/\/paroisse-catho-hausbergen.fr\/circulaire-n13\/\"><strong>Cliquez-ici pour en savoir plus<\/strong><\/a><\/li><\/ul><\/li><\/ul>","_et_gb_content_width":"","_price":"","_stock":"","_tribe_ticket_header":"","_tribe_default_ticket_provider":"","_tribe_ticket_capacity":"0","_ticket_start_date":"","_ticket_end_date":"","_tribe_ticket_show_description":"","_tribe_ticket_show_not_going":false,"_tribe_ticket_use_global_stock":"","_tribe_ticket_global_stock_level":"","_global_stock_mode":"","_global_stock_cap":"","_tribe_rsvp_for_event":"","_tribe_ticket_going_count":"","_tribe_ticket_not_going_count":"","_tribe_tickets_list":"[]","_tribe_ticket_has_attendee_info_fields":false,"footnotes":""},"categories":[38],"tags":[],"class_list":["post-214123","post","type-post","status-publish","format-standard","hentry","category-bloc-diocese"],"acf":[],"yoast_head":"<!-- This site is optimized with the Yoast SEO plugin v27.5 - https:\/\/yoast.com\/product\/yoast-seo-wordpress\/ -->\n<title>- Informations Dioc\u00e8se - Paroisse<\/title>\n<meta name=\"robots\" content=\"index, follow, max-snippet:-1, max-image-preview:large, max-video-preview:-1\" \/>\n<link rel=\"canonical\" href=\"https:\/\/paroisse-catho-hausbergen.fr\/home\/informations-diocese\/\" \/>\n<meta property=\"og:locale\" content=\"fr_FR\" \/>\n<meta property=\"og:type\" content=\"article\" \/>\n<meta property=\"og:title\" content=\"- Informations Dioc\u00e8se - Paroisse\" \/>\n<meta property=\"og:url\" content=\"https:\/\/paroisse-catho-hausbergen.fr\/home\/informations-diocese\/\" \/>\n<meta property=\"og:site_name\" content=\"Paroisse\" \/>\n<meta property=\"article:published_time\" content=\"2021-07-20T09:45:02+00:00\" \/>\n<meta property=\"article:modified_time\" content=\"2024-03-01T12:01:22+00:00\" \/>\n<meta name=\"author\" content=\"Thierry Mosser\" \/>\n<meta name=\"twitter:label1\" content=\"\u00c9crit par\" \/>\n\t<meta name=\"twitter:data1\" content=\"Thierry Mosser\" \/>\n\t<meta name=\"twitter:label2\" content=\"Dur\u00e9e de lecture estim\u00e9e\" \/>\n\t<meta name=\"twitter:data2\" content=\"1 minute\" \/>\n<script type=\"application\/ld+json\" class=\"yoast-schema-graph\">{\"@context\":\"https:\\\/\\\/schema.org\",\"@graph\":[{\"@type\":\"Article\",\"@id\":\"https:\\\/\\\/paroisse-catho-hausbergen.fr\\\/home\\\/informations-diocese\\\/#article\",\"isPartOf\":{\"@id\":\"https:\\\/\\\/paroisse-catho-hausbergen.fr\\\/home\\\/informations-diocese\\\/\"},\"author\":{\"name\":\"Thierry Mosser\",\"@id\":\"https:\\\/\\\/paroisse-catho-hausbergen.fr\\\/home\\\/#\\\/schema\\\/person\\\/77b63606819cf7d16a7c53b85041b96e\"},\"headline\":\"&#8211; Informations Dioc\u00e8se &#8211;\",\"datePublished\":\"2021-07-20T09:45:02+00:00\",\"dateModified\":\"2024-03-01T12:01:22+00:00\",\"mainEntityOfPage\":{\"@id\":\"https:\\\/\\\/paroisse-catho-hausbergen.fr\\\/home\\\/informations-diocese\\\/\"},\"wordCount\":181,\"publisher\":{\"@id\":\"https:\\\/\\\/paroisse-catho-hausbergen.fr\\\/home\\\/#organization\"},\"articleSection\":[\"bloc dioc\u00e8se\"],\"inLanguage\":\"fr-FR\"},{\"@type\":\"WebPage\",\"@id\":\"https:\\\/\\\/paroisse-catho-hausbergen.fr\\\/home\\\/informations-diocese\\\/\",\"url\":\"https:\\\/\\\/paroisse-catho-hausbergen.fr\\\/home\\\/informations-diocese\\\/\",\"name\":\"- Informations Dioc\u00e8se - Paroisse\",\"isPartOf\":{\"@id\":\"https:\\\/\\\/paroisse-catho-hausbergen.fr\\\/home\\\/#website\"},\"datePublished\":\"2021-07-20T09:45:02+00:00\",\"dateModified\":\"2024-03-01T12:01:22+00:00\",\"breadcrumb\":{\"@id\":\"https:\\\/\\\/paroisse-catho-hausbergen.fr\\\/home\\\/informations-diocese\\\/#breadcrumb\"},\"inLanguage\":\"fr-FR\",\"potentialAction\":[{\"@type\":\"ReadAction\",\"target\":[\"https:\\\/\\\/paroisse-catho-hausbergen.fr\\\/home\\\/informations-diocese\\\/\"]}]},{\"@type\":\"BreadcrumbList\",\"@id\":\"https:\\\/\\\/paroisse-catho-hausbergen.fr\\\/home\\\/informations-diocese\\\/#breadcrumb\",\"itemListElement\":[{\"@type\":\"ListItem\",\"position\":1,\"name\":\"Accueil\",\"item\":\"https:\\\/\\\/paroisse-catho-hausbergen.fr\\\/home\\\/\"},{\"@type\":\"ListItem\",\"position\":2,\"name\":\"&#8211; Informations Dioc\u00e8se &#8211;\"}]},{\"@type\":\"WebSite\",\"@id\":\"https:\\\/\\\/paroisse-catho-hausbergen.fr\\\/home\\\/#website\",\"url\":\"https:\\\/\\\/paroisse-catho-hausbergen.fr\\\/home\\\/\",\"name\":\"Paroisse Catholique Hausbergen\",\"description\":\"Communication Paroisse Catholique des Hausbergen\",\"publisher\":{\"@id\":\"https:\\\/\\\/paroisse-catho-hausbergen.fr\\\/home\\\/#organization\"},\"potentialAction\":[{\"@type\":\"SearchAction\",\"target\":{\"@type\":\"EntryPoint\",\"urlTemplate\":\"https:\\\/\\\/paroisse-catho-hausbergen.fr\\\/home\\\/?s={search_term_string}\"},\"query-input\":{\"@type\":\"PropertyValueSpecification\",\"valueRequired\":true,\"valueName\":\"search_term_string\"}}],\"inLanguage\":\"fr-FR\"},{\"@type\":\"Organization\",\"@id\":\"https:\\\/\\\/paroisse-catho-hausbergen.fr\\\/home\\\/#organization\",\"name\":\"Paroisse Catholique des Hausbergen\",\"url\":\"https:\\\/\\\/paroisse-catho-hausbergen.fr\\\/home\\\/\",\"logo\":{\"@type\":\"ImageObject\",\"inLanguage\":\"fr-FR\",\"@id\":\"https:\\\/\\\/paroisse-catho-hausbergen.fr\\\/home\\\/#\\\/schema\\\/logo\\\/image\\\/\",\"url\":\"https:\\\/\\\/paroisse-catho-hausbergen.fr\\\/wp-content\\\/uploads\\\/2021\\\/09\\\/cropped-logo.png\",\"contentUrl\":\"https:\\\/\\\/paroisse-catho-hausbergen.fr\\\/wp-content\\\/uploads\\\/2021\\\/09\\\/cropped-logo.png\",\"width\":512,\"height\":512,\"caption\":\"Paroisse Catholique des Hausbergen\"},\"image\":{\"@id\":\"https:\\\/\\\/paroisse-catho-hausbergen.fr\\\/home\\\/#\\\/schema\\\/logo\\\/image\\\/\"}},{\"@type\":\"Person\",\"@id\":\"https:\\\/\\\/paroisse-catho-hausbergen.fr\\\/home\\\/#\\\/schema\\\/person\\\/77b63606819cf7d16a7c53b85041b96e\",\"name\":\"Thierry Mosser\",\"image\":{\"@type\":\"ImageObject\",\"inLanguage\":\"fr-FR\",\"@id\":\"https:\\\/\\\/secure.gravatar.com\\\/avatar\\\/5002dbc760f1699afdec6585a14f60a5bc11b23d1ccb2b77c24cfc460f68f12b?s=96&d=mm&r=g\",\"url\":\"https:\\\/\\\/secure.gravatar.com\\\/avatar\\\/5002dbc760f1699afdec6585a14f60a5bc11b23d1ccb2b77c24cfc460f68f12b?s=96&d=mm&r=g\",\"contentUrl\":\"https:\\\/\\\/secure.gravatar.com\\\/avatar\\\/5002dbc760f1699afdec6585a14f60a5bc11b23d1ccb2b77c24cfc460f68f12b?s=96&d=mm&r=g\",\"caption\":\"Thierry Mosser\"}}]}<\/script>\n<!-- \/ Yoast SEO plugin. -->","yoast_head_json":{"title":"- Informations Dioc\u00e8se - Paroisse","robots":{"index":"index","follow":"follow","max-snippet":"max-snippet:-1","max-image-preview":"max-image-preview:large","max-video-preview":"max-video-preview:-1"},"canonical":"https:\/\/paroisse-catho-hausbergen.fr\/home\/informations-diocese\/","og_locale":"fr_FR","og_type":"article","og_title":"- Informations Dioc\u00e8se - Paroisse","og_url":"https:\/\/paroisse-catho-hausbergen.fr\/home\/informations-diocese\/","og_site_name":"Paroisse","article_published_time":"2021-07-20T09:45:02+00:00","article_modified_time":"2024-03-01T12:01:22+00:00","author":"Thierry Mosser","twitter_misc":{"\u00c9crit par":"Thierry Mosser","Dur\u00e9e de lecture estim\u00e9e":"1 minute"},"schema":{"@context":"https:\/\/schema.org","@graph":[{"@type":"Article","@id":"https:\/\/paroisse-catho-hausbergen.fr\/home\/informations-diocese\/#article","isPartOf":{"@id":"https:\/\/paroisse-catho-hausbergen.fr\/home\/informations-diocese\/"},"author":{"name":"Thierry Mosser","@id":"https:\/\/paroisse-catho-hausbergen.fr\/home\/#\/schema\/person\/77b63606819cf7d16a7c53b85041b96e"},"headline":"&#8211; Informations Dioc\u00e8se &#8211;","datePublished":"2021-07-20T09:45:02+00:00","dateModified":"2024-03-01T12:01:22+00:00","mainEntityOfPage":{"@id":"https:\/\/paroisse-catho-hausbergen.fr\/home\/informations-diocese\/"},"wordCount":181,"publisher":{"@id":"https:\/\/paroisse-catho-hausbergen.fr\/home\/#organization"},"articleSection":["bloc dioc\u00e8se"],"inLanguage":"fr-FR"},{"@type":"WebPage","@id":"https:\/\/paroisse-catho-hausbergen.fr\/home\/informations-diocese\/","url":"https:\/\/paroisse-catho-hausbergen.fr\/home\/informations-diocese\/","name":"- Informations Dioc\u00e8se - Paroisse","isPartOf":{"@id":"https:\/\/paroisse-catho-hausbergen.fr\/home\/#website"},"datePublished":"2021-07-20T09:45:02+00:00","dateModified":"2024-03-01T12:01:22+00:00","breadcrumb":{"@id":"https:\/\/paroisse-catho-hausbergen.fr\/home\/informations-diocese\/#breadcrumb"},"inLanguage":"fr-FR","potentialAction":[{"@type":"ReadAction","target":["https:\/\/paroisse-catho-hausbergen.fr\/home\/informations-diocese\/"]}]},{"@type":"BreadcrumbList","@id":"https:\/\/paroisse-catho-hausbergen.fr\/home\/informations-diocese\/#breadcrumb","itemListElement":[{"@type":"ListItem","position":1,"name":"Accueil","item":"https:\/\/paroisse-catho-hausbergen.fr\/home\/"},{"@type":"ListItem","position":2,"name":"&#8211; Informations Dioc\u00e8se &#8211;"}]},{"@type":"WebSite","@id":"https:\/\/paroisse-catho-hausbergen.fr\/home\/#website","url":"https:\/\/paroisse-catho-hausbergen.fr\/home\/","name":"Paroisse Catholique Hausbergen","description":"Communication Paroisse Catholique des Hausbergen","publisher":{"@id":"https:\/\/paroisse-catho-hausbergen.fr\/home\/#organization"},"potentialAction":[{"@type":"SearchAction","target":{"@type":"EntryPoint","urlTemplate":"https:\/\/paroisse-catho-hausbergen.fr\/home\/?s={search_term_string}"},"query-input":{"@type":"PropertyValueSpecification","valueRequired":true,"valueName":"search_term_string"}}],"inLanguage":"fr-FR"},{"@type":"Organization","@id":"https:\/\/paroisse-catho-hausbergen.fr\/home\/#organization","name":"Paroisse Catholique des Hausbergen","url":"https:\/\/paroisse-catho-hausbergen.fr\/home\/","logo":{"@type":"ImageObject","inLanguage":"fr-FR","@id":"https:\/\/paroisse-catho-hausbergen.fr\/home\/#\/schema\/logo\/image\/","url":"https:\/\/paroisse-catho-hausbergen.fr\/wp-content\/uploads\/2021\/09\/cropped-logo.png","contentUrl":"https:\/\/paroisse-catho-hausbergen.fr\/wp-content\/uploads\/2021\/09\/cropped-logo.png","width":512,"height":512,"caption":"Paroisse Catholique des Hausbergen"},"image":{"@id":"https:\/\/paroisse-catho-hausbergen.fr\/home\/#\/schema\/logo\/image\/"}},{"@type":"Person","@id":"https:\/\/paroisse-catho-hausbergen.fr\/home\/#\/schema\/person\/77b63606819cf7d16a7c53b85041b96e","name":"Thierry Mosser","image":{"@type":"ImageObject","inLanguage":"fr-FR","@id":"https:\/\/secure.gravatar.com\/avatar\/5002dbc760f1699afdec6585a14f60a5bc11b23d1ccb2b77c24cfc460f68f12b?s=96&d=mm&r=g","url":"https:\/\/secure.gravatar.com\/avatar\/5002dbc760f1699afdec6585a14f60a5bc11b23d1ccb2b77c24cfc460f68f12b?s=96&d=mm&r=g","contentUrl":"https:\/\/secure.gravatar.com\/avatar\/5002dbc760f1699afdec6585a14f60a5bc11b23d1ccb2b77c24cfc460f68f12b?s=96&d=mm&r=g","caption":"Thierry Mosser"}}]}},"_links":{"self":[{"href":"https:\/\/paroisse-catho-hausbergen.fr\/home\/wp-json\/wp\/v2\/posts\/214123","targetHints":{"allow":["GET"]}}],"collection":[{"href":"https:\/\/paroisse-catho-hausbergen.fr\/home\/wp-json\/wp\/v2\/posts"}],"about":[{"href":"https:\/\/paroisse-catho-hausbergen.fr\/home\/wp-json\/wp\/v2\/types\/post"}],"author":[{"embeddable":true,"href":"https:\/\/paroisse-catho-hausbergen.fr\/home\/wp-json\/wp\/v2\/users\/3"}],"replies":[{"embeddable":true,"href":"https:\/\/paroisse-catho-hausbergen.fr\/home\/wp-json\/wp\/v2\/comments?post=214123"}],"version-history":[{"count":0,"href":"https:\/\/paroisse-catho-hausbergen.fr\/home\/wp-json\/wp\/v2\/posts\/214123\/revisions"}],"wp:attachment":[{"href":"https:\/\/paroisse-catho-hausbergen.fr\/home\/wp-json\/wp\/v2\/media?parent=214123"}],"wp:term":[{"taxonomy":"category","embeddable":true,"href":"https:\/\/paroisse-catho-hausbergen.fr\/home\/wp-json\/wp\/v2\/categories?post=214123"},{"taxonomy":"post_tag","embeddable":true,"href":"https:\/\/paroisse-catho-hausbergen.fr\/home\/wp-json\/wp\/v2\/tags?post=214123"}],"curies":[{"name":"wp","href":"https:\/\/api.w.org\/{rel}","templated":true}]}}